{"id":34197,"date":"2024-01-06T20:17:37","date_gmt":"2024-01-06T20:17:37","guid":{"rendered":"https:\/\/med-care.es\/?p=34197"},"modified":"2025-05-15T07:36:33","modified_gmt":"2025-05-15T07:36:33","slug":"vitaminas-sistema-inmune-invierno","status":"publish","type":"post","link":"https:\/\/med-care.es\/de\/vitaminas-sistema-inmune-invierno\/","title":{"rendered":"\ud83c\udf1f\u2744\ufe0f Wintervitamine: Deine geheimen Verb\u00fcndeten f\u00fcr ein starkes Immunsystem! \ud83d\udcaa\ud83c\udf4a #DefensaInvernal"},"content":{"rendered":"<div id=\"ez-toc-container\" class=\"ez-toc-v2_0_83 counter-hierarchy ez-toc-counter ez-toc-grey ez-toc-container-direction\">\n<div class=\"ez-toc-title-container\">\n<p class=\"ez-toc-title\" style=\"cursor:inherit\">Inhalts\u00fcbersicht<\/p>\n<span class=\"ez-toc-title-toggle\"><a href=\"#\" class=\"ez-toc-pull-right ez-toc-btn ez-toc-btn-xs ez-toc-btn-default ez-toc-toggle\" aria-label=\"Inhaltsverzeichnis umschalten\"><span class=\"ez-toc-js-icon-con\"><span class=\"\"><span class=\"eztoc-hide\" style=\"display:none;\">Umschalten auf<\/span><span class=\"ez-toc-icon-toggle-span\"><svg style=\"fill: #999;color:#999\" xmlns=\"http:\/\/www.w3.org\/2000\/svg\" class=\"list-377408\" width=\"20px\" height=\"20px\" viewbox=\"0 0 24 24\" fill=\"none\"><path d=\"M6 6H4v2h2V6zm14 0H8v2h12V6zM4 11h2v2H4v-2zm16 0H8v2h12v-2zM4 16h2v2H4v-2zm16 0H8v2h12v-2z\" fill=\"currentColor\"><\/path><\/svg><svg style=\"fill: #999;color:#999\" class=\"arrow-unsorted-368013\" xmlns=\"http:\/\/www.w3.org\/2000\/svg\" width=\"10px\" height=\"10px\" viewbox=\"0 0 24 24\" version=\"1.2\" baseprofile=\"tiny\"><path d=\"M18.2 9.3l-6.2-6.3-6.2 6.3c-.2.2-.3.4-.3.7s.1.5.3.7c.2.2.4.3.7.3h11c.3 0 .5-.1.7-.3.2-.2.3-.5.3-.7s-.1-.5-.3-.7zM5.8 14.7l6.2 6.3 6.2-6.3c.2-.2.3-.5.3-.7s-.1-.5-.3-.7c-.2-.2-.4-.3-.7-.3h-11c-.3 0-.5.1-.7.3-.2.2-.3.5-.3.7s.1.5.3.7z\"\/><\/svg><\/span><\/span><\/span><\/a><\/span><\/div>\n<nav><ul class='ez-toc-list ez-toc-list-level-1' ><li class='ez-toc-page-1 ez-toc-heading-level-1'><a class=\"ez-toc-link ez-toc-heading-1\" href=\"https:\/\/med-care.es\/de\/vitaminas-sistema-inmune-invierno\/#Vitaminas_esenciales_para_reforzar_tu_sistema_inmunologico_en_invierno\" >Vitaminas esenciales para reforzar tu sistema inmunol\u00f3gico en invierno<\/a><ul class='ez-toc-list-level-2' ><li class='ez-toc-heading-level-2'><a class=\"ez-toc-link ez-toc-heading-2\" href=\"https:\/\/med-care.es\/de\/vitaminas-sistema-inmune-invierno\/#Vitaminas_C\" >Vitaminas C<\/a><\/li><li class='ez-toc-page-1 ez-toc-heading-level-2'><a class=\"ez-toc-link ez-toc-heading-3\" href=\"https:\/\/med-care.es\/de\/vitaminas-sistema-inmune-invierno\/#Vitamina_D\" >Vitamina D<\/a><\/li><li class='ez-toc-page-1 ez-toc-heading-level-2'><a class=\"ez-toc-link ez-toc-heading-4\" href=\"https:\/\/med-care.es\/de\/vitaminas-sistema-inmune-invierno\/#Vitamina_E\" >Vitamina E<\/a><\/li><li class='ez-toc-page-1 ez-toc-heading-level-2'><a class=\"ez-toc-link ez-toc-heading-5\" href=\"https:\/\/med-care.es\/de\/vitaminas-sistema-inmune-invierno\/#Vitamina_A\" >Vitamina A<\/a><\/li><li class='ez-toc-page-1 ez-toc-heading-level-2'><a class=\"ez-toc-link ez-toc-heading-6\" href=\"https:\/\/med-care.es\/de\/vitaminas-sistema-inmune-invierno\/#Suplementos_esenciales_de_vitaminas\" >Suplementos esenciales de vitaminas<\/a><\/li><li class='ez-toc-page-1 ez-toc-heading-level-2'><a class=\"ez-toc-link ez-toc-heading-7\" href=\"https:\/\/med-care.es\/de\/vitaminas-sistema-inmune-invierno\/#Pensamientos_finales\" >Pensamientos finales<\/a><\/li><\/ul><\/li><\/ul><\/nav><\/div>\n<h1><span class=\"ez-toc-section\" id=\"Vitaminas_esenciales_para_reforzar_tu_sistema_inmunologico_en_invierno\"><\/span>Vitaminas esenciales para reforzar tu sistema inmunol\u00f3gico en invierno<span class=\"ez-toc-section-end\"><\/span><\/h1>\r\nEl invierno es conocido como la temporada de <strong>resfriados y gripe<\/strong>, y poca gente experimenta baja energ\u00eda y fatiga. Sin embargo, hay maneras de que podamos ayudar f\u00e1cilmente a tu cuerpo a combatir esos bichos invernales: siguiendo una <strong>dieta nutritiva, haciendo ejercicio y tomando las vitaminas esenciales necesarias<\/strong>. A lo largo del invierno, las personas deben aumentar su ingesta de vitaminas esenciales para ayudar a prevenir enfermedades e infecciones.\r\n\r\nSeguir una dieta sana y equilibrada es una forma perfecta de <a href=\"https:\/\/clinicasanfelipe.com\/blog\/fortalecer-tu-sistema-inmunologico-siguiendo-estas-recomendaciones\"><strong>reforzar tu sistema inmunol\u00f3gico<\/strong><\/a>. Combinada con el ejercicio, es una herramienta excelente para evitar enfermedades. Sin embargo, incluso quienes son m\u00e1s diligentes pueden seguir resfri\u00e1ndose o cogiendo la gripe en los meses de invierno. Por eso es vital armar tu sistema con vitaminas vitales. Aqu\u00ed tienes algunas de las m\u00e1s esenciales.\r\n<h2><span class=\"ez-toc-section\" id=\"Vitaminas_C\"><\/span>Vitaminas C<span class=\"ez-toc-section-end\"><\/span><\/h2>\r\nLa vitamina C, presente de forma natural en muchos frutas y verduras, es uno de los nutrientes m\u00e1s potentes para estimular el sistema inmunol\u00f3gico. La vitamina C ayuda a <strong>defender el cuerpo de las infecciones y aumenta el n\u00famero de leucocitos<\/strong>. Estas c\u00e9lulas son vitales para ayudar al sistema inmunol\u00f3gico del cuerpo a luchar contra los pat\u00f3genos nocivos. Se aconseja a los adultos consumir al menos 75 mg al d\u00eda para proteger la salud en los meses de invierno. Con un consumo de br\u00f3coli, c\u00edtricos, kiwi, mel\u00f3n, bayas, espinacas, tomates y pimientos se puede ingerir f\u00e1cilmente una gran cantidad de vitamina C.\r\n<h2><span class=\"ez-toc-section\" id=\"Vitamina_D\"><\/span>Vitamina D<span class=\"ez-toc-section-end\"><\/span><\/h2>\r\nLos suplementos diet\u00e9ticos aportan varios beneficios, como la salud hep\u00e1tica, el mantenimiento de la salud \u00f3sea y la reducci\u00f3n del riesgo de enfermedades infecciosas. Pero lo m\u00e1s importante es que se ha demostrado que la vitamina D es la mejor para <strong>reforzar el sistema inmunol\u00f3gico<\/strong>. Los estudios han demostrado que la vitamina D aumenta significativamente el n\u00famero de leucocitos en el cuerpo, ayudando a protegerlo contra las enfermedades. Muchos expertos recomiendan <strong>tomar un suplemento de 2.000 UI al d\u00eda<\/strong> para asegurarse de que se consume en cantidad suficiente. Los alimentos ricos en vitamina D son los huevos, las setas, el salm\u00f3n, las sardinas, la trucha, la leche y los cereales fortificados.\r\n<h2><span class=\"ez-toc-section\" id=\"Vitamina_E\"><\/span>Vitamina E<span class=\"ez-toc-section-end\"><\/span><\/h2>\r\nLa vitamina E es un <strong>gran antioxidante<\/strong>, ayuda en la producci\u00f3n de gl\u00f3bulos rojos y es importante para mantener una piel sana y joven. Sus beneficios van m\u00e1s all\u00e1, ya que aumenta el gamma-tocoferol en la sangre, <strong>mejorando el sistema inmunol\u00f3gico<\/strong>. Este nutriente ayuda a evitar enfermedades e infecciones. La mayor\u00eda de los adultos necesitan 15 mg al d\u00eda para beneficiarse de sus propiedades de refuerzo inmunol\u00f3gico. Fuentes f\u00e1ciles de encontrar son los frutos secos, las semillas, las espinacas, el aguacate y otros verdes.\r\n<h2><span class=\"ez-toc-section\" id=\"Vitamina_A\"><\/span>Vitamina A<span class=\"ez-toc-section-end\"><\/span><\/h2>\r\nLa vitamina A es un poderoso antioxidante que puede ayudar a proteger tu cuerpo de bacterias, virus y otros g\u00e9rmenes nocivos. Tambi\u00e9n es beneficiosa para reforzar las barreras mucosas de tu organismo, protegiendo tus sistemas respiratorio, digestivo y reproductor. Los <strong>adultos deben consumir al menos de 700 a 900 mcg de vitamina a diario<\/strong> para proteger su salud en los meses de invierno. Para aprovechar este nutriente, consume alimentos como zanahorias, boniatos, col rizada, albaricoques, mel\u00f3n cantalupo, mango y espinacas.\r\n<h2><span class=\"ez-toc-section\" id=\"Suplementos_esenciales_de_vitaminas\"><\/span>Suplementos esenciales de vitaminas<span class=\"ez-toc-section-end\"><\/span><\/h2>\r\nSi no puedes obtener la dosis diaria suficiente de <strong>vitaminas con tu dieta<\/strong>, considera la posibilidad de consumir las vitaminas esenciales en forma de suplementos. De esta manera, puedes asegurarte de que tu organismo obtiene los nutrientes que necesita para protegerse contra las infecciones. Busca suplementos de vitaminas esenciales que te proporcionen la dosis necesaria para tener un sistema inmunol\u00f3gico fuerte en invierno.\r\n<h2><span class=\"ez-toc-section\" id=\"Pensamientos_finales\"><\/span>Pensamientos finales<span class=\"ez-toc-section-end\"><\/span><\/h2>\r\nLas vitaminas esenciales son una herramienta poderosa en la lucha contra las enfermedades en invierno y durante todo el a\u00f1o. Aseg\u00farate de obtener la dosis diaria suficiente de tus vitaminas esenciales para garantizar que tu cuerpo recibe el apoyo adecuado. Con la dieta adecuada y el suplemento adecuado, puedes estimular tu sistema inmunol\u00f3gico y protegerte de g\u00e9rmenes peligrosos durante todo el a\u00f1o.","protected":false},"excerpt":{"rendered":"Vitaminas esenciales para reforzar tu sistema inmunol\u00f3gico en invierno El invierno es conocido como la temporada de resfriados y gripe, y poca gente experimenta baja energ\u00eda y fatiga. Sin embargo, hay maneras de que podamos ayudar f\u00e1cilmente a tu cuerpo&#8230;","protected":false},"author":1,"featured_media":34199,"comment_status":"open","ping_status":"open","sticky":false,"template":"","format":"standard","meta":{"footnotes":""},"categories":[2],"tags":[],"class_list":["post-34197","post","type-post","status-publish","format-standard","has-post-thumbnail","hentry","category-articles"],"yoast_head":"<!-- This site is optimized with the Yoast SEO plugin v27.4 - https:\/\/yoast.com\/product\/yoast-seo-wordpress\/ -->\n<title>\ud83c\udf1f\u2744\ufe0f Vitaminas Invernales: Tus Aliados Secretos para un Sistema Inmune de Acero! \ud83d\udcaa\ud83c\udf4a #DefensaInvernal | Medcare<\/title>\n<meta name=\"description\" content=\"Descubre las vitaminas clave para potenciar tu sistema inmune este invierno. \u00a1Fortal\u00e9cete contra el fr\u00edo! #DefensaInvernal\" \/>\n<meta name=\"robots\" content=\"index, follow, max-snippet:-1, max-image-preview:large, max-video-preview:-1\" \/>\n<link rel=\"canonical\" href=\"https:\/\/med-care.es\/de\/vitaminas-sistema-inmune-invierno\/\" \/>\n<meta property=\"og:locale\" content=\"de_DE\" \/>\n<meta property=\"og:type\" content=\"article\" \/>\n<meta property=\"og:title\" content=\"\ud83c\udf1f\u2744\ufe0f Vitaminas Invernales: Tus Aliados Secretos para un Sistema Inmune de Acero! \ud83d\udcaa\ud83c\udf4a #DefensaInvernal | Medcare\" \/>\n<meta property=\"og:description\" content=\"Descubre las vitaminas clave para potenciar tu sistema inmune este invierno. \u00a1Fortal\u00e9cete contra el fr\u00edo! #DefensaInvernal\" \/>\n<meta property=\"og:url\" content=\"https:\/\/med-care.es\/de\/vitaminas-sistema-inmune-invierno\/\" \/>\n<meta property=\"og:site_name\" content=\"Medcare\" \/>\n<meta property=\"article:publisher\" content=\"https:\/\/www.facebook.com\/medcare.mallorca\" \/>\n<meta property=\"article:published_time\" content=\"2024-01-06T20:17:37+00:00\" \/>\n<meta property=\"article:modified_time\" content=\"2025-05-15T07:36:33+00:00\" \/>\n<meta property=\"og:image\" content=\"https:\/\/med-care.es\/wp-content\/uploads\/2024\/01\/capsula-alternativa-hierbas-medicinales-vitaminas-suplementos-naturales.jpg\" \/>\n\t<meta property=\"og:image:width\" content=\"1500\" \/>\n\t<meta property=\"og:image:height\" content=\"1001\" \/>\n\t<meta property=\"og:image:type\" content=\"image\/jpeg\" \/>\n<meta name=\"author\" content=\"Medcare\" \/>\n<meta name=\"twitter:card\" content=\"summary_large_image\" \/>\n<meta name=\"twitter:creator\" content=\"@Medcare_spain\" \/>\n<meta name=\"twitter:site\" content=\"@Medcare_spain\" \/>\n<meta name=\"twitter:label1\" content=\"Geschrieben von\" \/>\n\t<meta name=\"twitter:data1\" content=\"Medcare\" \/>\n\t<meta name=\"twitter:label2\" content=\"Gesch\u00e4tzte Lesezeit\" \/>\n\t<meta name=\"twitter:data2\" content=\"4\u00a0Minuten\" \/>\n<script type=\"application\/ld+json\" class=\"yoast-schema-graph\">{\"@context\":\"https:\\\/\\\/schema.org\",\"@graph\":[{\"@type\":\"Article\",\"@id\":\"https:\\\/\\\/med-care.es\\\/vitaminas-sistema-inmune-invierno\\\/#article\",\"isPartOf\":{\"@id\":\"https:\\\/\\\/med-care.es\\\/vitaminas-sistema-inmune-invierno\\\/\"},\"author\":{\"name\":\"Medcare\",\"@id\":\"https:\\\/\\\/med-care.es\\\/#\\\/schema\\\/person\\\/2933c6715ff8cbaa4b2aee71f6348ef8\"},\"headline\":\"\ud83c\udf1f\u2744\ufe0f Vitaminas Invernales: Tus Aliados Secretos para un Sistema Inmune de Acero! \ud83d\udcaa\ud83c\udf4a #DefensaInvernal\",\"datePublished\":\"2024-01-06T20:17:37+00:00\",\"dateModified\":\"2025-05-15T07:36:33+00:00\",\"mainEntityOfPage\":{\"@id\":\"https:\\\/\\\/med-care.es\\\/vitaminas-sistema-inmune-invierno\\\/\"},\"wordCount\":706,\"commentCount\":0,\"publisher\":{\"@id\":\"https:\\\/\\\/med-care.es\\\/#organization\"},\"image\":{\"@id\":\"https:\\\/\\\/med-care.es\\\/vitaminas-sistema-inmune-invierno\\\/#primaryimage\"},\"thumbnailUrl\":\"https:\\\/\\\/med-care.es\\\/wp-content\\\/uploads\\\/2024\\\/01\\\/capsula-alternativa-hierbas-medicinales-vitaminas-suplementos-naturales.jpg\",\"articleSection\":[\"Articles\"],\"inLanguage\":\"de\",\"potentialAction\":[{\"@type\":\"CommentAction\",\"name\":\"Comment\",\"target\":[\"https:\\\/\\\/med-care.es\\\/vitaminas-sistema-inmune-invierno\\\/#respond\"]}]},{\"@type\":\"WebPage\",\"@id\":\"https:\\\/\\\/med-care.es\\\/vitaminas-sistema-inmune-invierno\\\/\",\"url\":\"https:\\\/\\\/med-care.es\\\/vitaminas-sistema-inmune-invierno\\\/\",\"name\":\"\ud83c\udf1f\u2744\ufe0f Vitaminas Invernales: Tus Aliados Secretos para un Sistema Inmune de Acero! \ud83d\udcaa\ud83c\udf4a #DefensaInvernal | Medcare\",\"isPartOf\":{\"@id\":\"https:\\\/\\\/med-care.es\\\/#website\"},\"primaryImageOfPage\":{\"@id\":\"https:\\\/\\\/med-care.es\\\/vitaminas-sistema-inmune-invierno\\\/#primaryimage\"},\"image\":{\"@id\":\"https:\\\/\\\/med-care.es\\\/vitaminas-sistema-inmune-invierno\\\/#primaryimage\"},\"thumbnailUrl\":\"https:\\\/\\\/med-care.es\\\/wp-content\\\/uploads\\\/2024\\\/01\\\/capsula-alternativa-hierbas-medicinales-vitaminas-suplementos-naturales.jpg\",\"datePublished\":\"2024-01-06T20:17:37+00:00\",\"dateModified\":\"2025-05-15T07:36:33+00:00\",\"description\":\"Descubre las vitaminas clave para potenciar tu sistema inmune este invierno. \u00a1Fortal\u00e9cete contra el fr\u00edo! #DefensaInvernal\",\"breadcrumb\":{\"@id\":\"https:\\\/\\\/med-care.es\\\/vitaminas-sistema-inmune-invierno\\\/#breadcrumb\"},\"inLanguage\":\"de\",\"potentialAction\":[{\"@type\":\"ReadAction\",\"target\":[\"https:\\\/\\\/med-care.es\\\/vitaminas-sistema-inmune-invierno\\\/\"]}]},{\"@type\":\"ImageObject\",\"inLanguage\":\"de\",\"@id\":\"https:\\\/\\\/med-care.es\\\/vitaminas-sistema-inmune-invierno\\\/#primaryimage\",\"url\":\"https:\\\/\\\/med-care.es\\\/wp-content\\\/uploads\\\/2024\\\/01\\\/capsula-alternativa-hierbas-medicinales-vitaminas-suplementos-naturales.jpg\",\"contentUrl\":\"https:\\\/\\\/med-care.es\\\/wp-content\\\/uploads\\\/2024\\\/01\\\/capsula-alternativa-hierbas-medicinales-vitaminas-suplementos-naturales.jpg\",\"width\":1500,\"height\":1001,\"caption\":\"Vitaminas para Sistema Inmunol\u00f3gico en Invierno\"},{\"@type\":\"BreadcrumbList\",\"@id\":\"https:\\\/\\\/med-care.es\\\/vitaminas-sistema-inmune-invierno\\\/#breadcrumb\",\"itemListElement\":[{\"@type\":\"ListItem\",\"position\":1,\"name\":\"Portada\",\"item\":\"https:\\\/\\\/med-care.es\\\/\"},{\"@type\":\"ListItem\",\"position\":2,\"name\":\"\ud83c\udf1f\u2744\ufe0f Vitaminas Invernales: Tus Aliados Secretos para un Sistema Inmune de Acero! \ud83d\udcaa\ud83c\udf4a #DefensaInvernal\"}]},{\"@type\":\"WebSite\",\"@id\":\"https:\\\/\\\/med-care.es\\\/#website\",\"url\":\"https:\\\/\\\/med-care.es\\\/\",\"name\":\"Medcare\",\"description\":\"Medical Care in Mallorca\",\"publisher\":{\"@id\":\"https:\\\/\\\/med-care.es\\\/#organization\"},\"potentialAction\":[{\"@type\":\"SearchAction\",\"target\":{\"@type\":\"EntryPoint\",\"urlTemplate\":\"https:\\\/\\\/med-care.es\\\/?s={search_term_string}\"},\"query-input\":{\"@type\":\"PropertyValueSpecification\",\"valueRequired\":true,\"valueName\":\"search_term_string\"}}],\"inLanguage\":\"de\"},{\"@type\":\"Organization\",\"@id\":\"https:\\\/\\\/med-care.es\\\/#organization\",\"name\":\"Medcare\",\"url\":\"https:\\\/\\\/med-care.es\\\/\",\"logo\":{\"@type\":\"ImageObject\",\"inLanguage\":\"de\",\"@id\":\"https:\\\/\\\/med-care.es\\\/#\\\/schema\\\/logo\\\/image\\\/\",\"url\":\"https:\\\/\\\/med-care.es\\\/wp-content\\\/uploads\\\/2024\\\/03\\\/Logo-Medcare.jpg\",\"contentUrl\":\"https:\\\/\\\/med-care.es\\\/wp-content\\\/uploads\\\/2024\\\/03\\\/Logo-Medcare.jpg\",\"width\":1010,\"height\":900,\"caption\":\"Medcare\"},\"image\":{\"@id\":\"https:\\\/\\\/med-care.es\\\/#\\\/schema\\\/logo\\\/image\\\/\"},\"sameAs\":[\"https:\\\/\\\/www.facebook.com\\\/medcare.mallorca\",\"https:\\\/\\\/x.com\\\/Medcare_spain\",\"https:\\\/\\\/www.instagram.com\\\/medcare_spain\\\/\"]},{\"@type\":\"Person\",\"@id\":\"https:\\\/\\\/med-care.es\\\/#\\\/schema\\\/person\\\/2933c6715ff8cbaa4b2aee71f6348ef8\",\"name\":\"Medcare\",\"image\":{\"@type\":\"ImageObject\",\"inLanguage\":\"de\",\"@id\":\"https:\\\/\\\/secure.gravatar.com\\\/avatar\\\/9c294e588ca1242398f33fed5cbf1114a9b395eb1bce0abcf195ed9072ae43cb?s=96&d=mm&r=g\",\"url\":\"https:\\\/\\\/secure.gravatar.com\\\/avatar\\\/9c294e588ca1242398f33fed5cbf1114a9b395eb1bce0abcf195ed9072ae43cb?s=96&d=mm&r=g\",\"contentUrl\":\"https:\\\/\\\/secure.gravatar.com\\\/avatar\\\/9c294e588ca1242398f33fed5cbf1114a9b395eb1bce0abcf195ed9072ae43cb?s=96&d=mm&r=g\",\"caption\":\"Medcare\"},\"sameAs\":[\"https:\\\/\\\/med-care.es\"],\"url\":\"https:\\\/\\\/med-care.es\\\/de\\\/author\\\/medcare2023\\\/\"}]}<\/script>\n<!-- \/ Yoast SEO plugin. -->","yoast_head_json":{"title":"\ud83c\udf1f\u2744\ufe0f Vitaminas Invernales: Tus Aliados Secretos para un Sistema Inmune de Acero! \ud83d\udcaa\ud83c\udf4a #DefensaInvernal | Medcare","description":"Descubre las vitaminas clave para potenciar tu sistema inmune este invierno. \u00a1Fortal\u00e9cete contra el fr\u00edo! #DefensaInvernal","robots":{"index":"index","follow":"follow","max-snippet":"max-snippet:-1","max-image-preview":"max-image-preview:large","max-video-preview":"max-video-preview:-1"},"canonical":"https:\/\/med-care.es\/de\/vitaminas-sistema-inmune-invierno\/","og_locale":"de_DE","og_type":"article","og_title":"\ud83c\udf1f\u2744\ufe0f Vitaminas Invernales: Tus Aliados Secretos para un Sistema Inmune de Acero! \ud83d\udcaa\ud83c\udf4a #DefensaInvernal | Medcare","og_description":"Descubre las vitaminas clave para potenciar tu sistema inmune este invierno. \u00a1Fortal\u00e9cete contra el fr\u00edo! #DefensaInvernal","og_url":"https:\/\/med-care.es\/de\/vitaminas-sistema-inmune-invierno\/","og_site_name":"Medcare","article_publisher":"https:\/\/www.facebook.com\/medcare.mallorca","article_published_time":"2024-01-06T20:17:37+00:00","article_modified_time":"2025-05-15T07:36:33+00:00","og_image":[{"width":1500,"height":1001,"url":"https:\/\/med-care.es\/wp-content\/uploads\/2024\/01\/capsula-alternativa-hierbas-medicinales-vitaminas-suplementos-naturales.jpg","type":"image\/jpeg"}],"author":"Medcare","twitter_card":"summary_large_image","twitter_creator":"@Medcare_spain","twitter_site":"@Medcare_spain","twitter_misc":{"Geschrieben von":"Medcare","Gesch\u00e4tzte Lesezeit":"4\u00a0Minuten"},"schema":{"@context":"https:\/\/schema.org","@graph":[{"@type":"Article","@id":"https:\/\/med-care.es\/vitaminas-sistema-inmune-invierno\/#article","isPartOf":{"@id":"https:\/\/med-care.es\/vitaminas-sistema-inmune-invierno\/"},"author":{"name":"Medcare","@id":"https:\/\/med-care.es\/#\/schema\/person\/2933c6715ff8cbaa4b2aee71f6348ef8"},"headline":"\ud83c\udf1f\u2744\ufe0f Vitaminas Invernales: Tus Aliados Secretos para un Sistema Inmune de Acero! \ud83d\udcaa\ud83c\udf4a #DefensaInvernal","datePublished":"2024-01-06T20:17:37+00:00","dateModified":"2025-05-15T07:36:33+00:00","mainEntityOfPage":{"@id":"https:\/\/med-care.es\/vitaminas-sistema-inmune-invierno\/"},"wordCount":706,"commentCount":0,"publisher":{"@id":"https:\/\/med-care.es\/#organization"},"image":{"@id":"https:\/\/med-care.es\/vitaminas-sistema-inmune-invierno\/#primaryimage"},"thumbnailUrl":"https:\/\/med-care.es\/wp-content\/uploads\/2024\/01\/capsula-alternativa-hierbas-medicinales-vitaminas-suplementos-naturales.jpg","articleSection":["Articles"],"inLanguage":"de","potentialAction":[{"@type":"CommentAction","name":"Comment","target":["https:\/\/med-care.es\/vitaminas-sistema-inmune-invierno\/#respond"]}]},{"@type":"WebPage","@id":"https:\/\/med-care.es\/vitaminas-sistema-inmune-invierno\/","url":"https:\/\/med-care.es\/vitaminas-sistema-inmune-invierno\/","name":"\ud83c\udf1f\u2744\ufe0f Vitaminas Invernales: Tus Aliados Secretos para un Sistema Inmune de Acero! \ud83d\udcaa\ud83c\udf4a #DefensaInvernal | Medcare","isPartOf":{"@id":"https:\/\/med-care.es\/#website"},"primaryImageOfPage":{"@id":"https:\/\/med-care.es\/vitaminas-sistema-inmune-invierno\/#primaryimage"},"image":{"@id":"https:\/\/med-care.es\/vitaminas-sistema-inmune-invierno\/#primaryimage"},"thumbnailUrl":"https:\/\/med-care.es\/wp-content\/uploads\/2024\/01\/capsula-alternativa-hierbas-medicinales-vitaminas-suplementos-naturales.jpg","datePublished":"2024-01-06T20:17:37+00:00","dateModified":"2025-05-15T07:36:33+00:00","description":"Descubre las vitaminas clave para potenciar tu sistema inmune este invierno. \u00a1Fortal\u00e9cete contra el fr\u00edo! #DefensaInvernal","breadcrumb":{"@id":"https:\/\/med-care.es\/vitaminas-sistema-inmune-invierno\/#breadcrumb"},"inLanguage":"de","potentialAction":[{"@type":"ReadAction","target":["https:\/\/med-care.es\/vitaminas-sistema-inmune-invierno\/"]}]},{"@type":"ImageObject","inLanguage":"de","@id":"https:\/\/med-care.es\/vitaminas-sistema-inmune-invierno\/#primaryimage","url":"https:\/\/med-care.es\/wp-content\/uploads\/2024\/01\/capsula-alternativa-hierbas-medicinales-vitaminas-suplementos-naturales.jpg","contentUrl":"https:\/\/med-care.es\/wp-content\/uploads\/2024\/01\/capsula-alternativa-hierbas-medicinales-vitaminas-suplementos-naturales.jpg","width":1500,"height":1001,"caption":"Vitaminas para Sistema Inmunol\u00f3gico en Invierno"},{"@type":"BreadcrumbList","@id":"https:\/\/med-care.es\/vitaminas-sistema-inmune-invierno\/#breadcrumb","itemListElement":[{"@type":"ListItem","position":1,"name":"Portada","item":"https:\/\/med-care.es\/"},{"@type":"ListItem","position":2,"name":"\ud83c\udf1f\u2744\ufe0f Vitaminas Invernales: Tus Aliados Secretos para un Sistema Inmune de Acero! \ud83d\udcaa\ud83c\udf4a #DefensaInvernal"}]},{"@type":"WebSite","@id":"https:\/\/med-care.es\/#website","url":"https:\/\/med-care.es\/","name":"Medcare","description":"\u00c4rztliche Versorgung auf Mallorca","publisher":{"@id":"https:\/\/med-care.es\/#organization"},"potentialAction":[{"@type":"SearchAction","target":{"@type":"EntryPoint","urlTemplate":"https:\/\/med-care.es\/?s={search_term_string}"},"query-input":{"@type":"PropertyValueSpecification","valueRequired":true,"valueName":"search_term_string"}}],"inLanguage":"de"},{"@type":"Organization","@id":"https:\/\/med-care.es\/#organization","name":"Medcare","url":"https:\/\/med-care.es\/","logo":{"@type":"ImageObject","inLanguage":"de","@id":"https:\/\/med-care.es\/#\/schema\/logo\/image\/","url":"https:\/\/med-care.es\/wp-content\/uploads\/2024\/03\/Logo-Medcare.jpg","contentUrl":"https:\/\/med-care.es\/wp-content\/uploads\/2024\/03\/Logo-Medcare.jpg","width":1010,"height":900,"caption":"Medcare"},"image":{"@id":"https:\/\/med-care.es\/#\/schema\/logo\/image\/"},"sameAs":["https:\/\/www.facebook.com\/medcare.mallorca","https:\/\/x.com\/Medcare_spain","https:\/\/www.instagram.com\/medcare_spain\/"]},{"@type":"Person","@id":"https:\/\/med-care.es\/#\/schema\/person\/2933c6715ff8cbaa4b2aee71f6348ef8","name":"Medcare","image":{"@type":"ImageObject","inLanguage":"de","@id":"https:\/\/secure.gravatar.com\/avatar\/9c294e588ca1242398f33fed5cbf1114a9b395eb1bce0abcf195ed9072ae43cb?s=96&d=mm&r=g","url":"https:\/\/secure.gravatar.com\/avatar\/9c294e588ca1242398f33fed5cbf1114a9b395eb1bce0abcf195ed9072ae43cb?s=96&d=mm&r=g","contentUrl":"https:\/\/secure.gravatar.com\/avatar\/9c294e588ca1242398f33fed5cbf1114a9b395eb1bce0abcf195ed9072ae43cb?s=96&d=mm&r=g","caption":"Medcare"},"sameAs":["https:\/\/med-care.es"],"url":"https:\/\/med-care.es\/de\/author\/medcare2023\/"}]}},"_links":{"self":[{"href":"https:\/\/med-care.es\/de\/wp-json\/wp\/v2\/posts\/34197","targetHints":{"allow":["GET"]}}],"collection":[{"href":"https:\/\/med-care.es\/de\/wp-json\/wp\/v2\/posts"}],"about":[{"href":"https:\/\/med-care.es\/de\/wp-json\/wp\/v2\/types\/post"}],"author":[{"embeddable":true,"href":"https:\/\/med-care.es\/de\/wp-json\/wp\/v2\/users\/1"}],"replies":[{"embeddable":true,"href":"https:\/\/med-care.es\/de\/wp-json\/wp\/v2\/comments?post=34197"}],"version-history":[{"count":5,"href":"https:\/\/med-care.es\/de\/wp-json\/wp\/v2\/posts\/34197\/revisions"}],"predecessor-version":[{"id":35273,"href":"https:\/\/med-care.es\/de\/wp-json\/wp\/v2\/posts\/34197\/revisions\/35273"}],"wp:featuredmedia":[{"embeddable":true,"href":"https:\/\/med-care.es\/de\/wp-json\/wp\/v2\/media\/34199"}],"wp:attachment":[{"href":"https:\/\/med-care.es\/de\/wp-json\/wp\/v2\/media?parent=34197"}],"wp:term":[{"taxonomy":"category","embeddable":true,"href":"https:\/\/med-care.es\/de\/wp-json\/wp\/v2\/categories?post=34197"},{"taxonomy":"post_tag","embeddable":true,"href":"https:\/\/med-care.es\/de\/wp-json\/wp\/v2\/tags?post=34197"}],"curies":[{"name":"wp","href":"https:\/\/api.w.org\/{rel}","templated":true}]}}